{"id":202,"date":"2017-06-21T09:41:59","date_gmt":"2017-06-21T09:41:59","guid":{"rendered":"http:\/\/vodostan.ba\/web\/?p=202"},"modified":"2017-06-21T09:44:16","modified_gmt":"2017-06-21T09:44:16","slug":"zapoceta-rekonstrukcija-cjevovoda-u-ulici-hasima-spahica-u-ilijasu","status":"publish","type":"post","link":"http:\/\/vodostan.ba\/web\/zapoceta-rekonstrukcija-cjevovoda-u-ulici-hasima-spahica-u-ilijasu\/","title":{"rendered":"Zapo\u010deta rekonstrukcija cjevovoda u ulici Ha\u0161ima Spahi\u0107a u Ilija\u0161u"},"content":{"rendered":"<div class=\"_h8t\">\n<div id=\"js_g2\" class=\"_5wd9 direction_ltr\" data-tooltip-content=\"11:33am\" data-hover=\"tooltip\" data-tooltip-position=\"right\">\n<div class=\"_5wde _n4o\">\n<div class=\"_5w1r _3_om _5wdf\">\n<div class=\"_4gx_\">\n<div class=\"_d97\"><strong><span class=\"_5yl5\">Ju\u010der\u00a0je zapo\u010deta rekonstrukcija cjevovoda u ulici Ha\u0161ima Spahi\u0107a zbog dotrajalosti samih instalacija i \u010destih kvarova na toj dionici.<\/span><\/strong><\/div>\n<div class=\"_d97\"><\/div>\n<div class=\"_d97\"><span class=\"_5yl5\">Istom prilikom \u0107e se postoje\u0107e liveno \u017eeljezne cijevi pre\u010dnika 100 mm zamijeniti PEHD cijevima pre\u010dnika 160 mm \u0161to omogu\u0107ava pro\u0161irenje vodovodne mre\u017ee na podru\u010dju Novog naselja iznad \u0160ipadovih zgrada.<\/span><\/div>\n<div class=\"_d97\"><\/div>\n<div class=\"_d97\"><span class=\"_5yl5\">Odmah nakon rekonstrukcije nastavi\u0107e se sa izgradnjom potrebne infrastrukture za vodosnabdjevanje pomenutog naselja.<\/span><\/div>\n<div class=\"_d97\">\n\n\t\t<style type=\"text\/css\">\n\t\t\t#gallery-1 {\n\t\t\t\tmargin: auto;\n\t\t\t}\n\t\t\t#gallery-1 .gallery-item {\n\t\t\t\tfloat: left;\n\t\t\t\tmargin-top: 10px;\n\t\t\t\ttext-align: center;\n\t\t\t\twidth: 50%;\n\t\t\t}\n\t\t\t#gallery-1 img {\n\t\t\t\tborder: 2px solid #cfcfcf;\n\t\t\t}\n\t\t\t#gallery-1 .gallery-caption {\n\t\t\t\tmargin-left: 0;\n\t\t\t}\n\t\t\t\/* see gallery_shortcode() in wp-includes\/media.php *\/\n\t\t<\/style>\n\t\t<div data-carousel-extra='{\"blog_id\":1,\"permalink\":\"http:\\\/\\\/vodostan.ba\\\/web\\\/zapoceta-rekonstrukcija-cjevovoda-u-ulici-hasima-spahica-u-ilijasu\\\/\",\"likes_blog_id\":false}' id='gallery-1' class='gallery galleryid-202 gallery-columns-2 gallery-size-thumbnail'><dl class='gallery-item'>\n\t\t\t<dt class='gallery-icon landscape'>\n\t\t\t\t<a href='http:\/\/vodostan.ba\/web\/zapoceta-rekonstrukcija-cjevovoda-u-ulici-hasima-spahica-u-ilijasu\/attachment\/4\/'><img width=\"150\" height=\"150\" src=\"http:\/\/vodostan.ba\/web\/wp-content\/uploads\/2017\/06\/4-150x150.jpg\" class=\"attachment-thumbnail size-thumbnail\" alt=\"\" decoding=\"async\" loading=\"lazy\" srcset=\"http:\/\/vodostan.ba\/web\/wp-content\/uploads\/2017\/06\/4-150x150.jpg 150w, http:\/\/vodostan.ba\/web\/wp-content\/uploads\/2017\/06\/4-230x230.jpg 230w\" sizes=\"(max-width: 150px) 100vw, 150px\" data-attachment-id=\"206\" data-orig-file=\"http:\/\/vodostan.ba\/web\/wp-content\/uploads\/2017\/06\/4.jpg\" data-orig-size=\"480,360\" data-comments-opened=\"0\" data-image-meta=\"{&quot;aperture&quot;:&quot;0&quot;,&quot;credit&quot;:&quot;&quot;,&quot;camera&quot;:&quot;&quot;,&quot;caption&quot;:&quot;&quot;,&quot;created_timestamp&quot;:&quot;0&quot;,&quot;copyright&quot;:&quot;&quot;,&quot;focal_length&quot;:&quot;0&quot;,&quot;iso&quot;:&quot;0&quot;,&quot;shutter_speed&quot;:&quot;0&quot;,&quot;title&quot;:&quot;&quot;,&quot;orientation&quot;:&quot;0&quot;,&quot;keywords&quot;:&quot;Array&quot;}\" data-image-title=\"4\" data-image-description=\"\" data-medium-file=\"http:\/\/vodostan.ba\/web\/wp-content\/uploads\/2017\/06\/4-300x225.jpg\" data-large-file=\"http:\/\/vodostan.ba\/web\/wp-content\/uploads\/2017\/06\/4.jpg\" \/><\/a>\n\t\t\t<\/dt><\/dl><dl class='gallery-item'>\n\t\t\t<dt class='gallery-icon landscape'>\n\t\t\t\t<a href='http:\/\/vodostan.ba\/web\/zapoceta-rekonstrukcija-cjevovoda-u-ulici-hasima-spahica-u-ilijasu\/attachment\/3\/'><img width=\"150\" height=\"150\" src=\"http:\/\/vodostan.ba\/web\/wp-content\/uploads\/2017\/06\/3-150x150.jpg\" class=\"attachment-thumbnail size-thumbnail\" alt=\"\" decoding=\"async\" loading=\"lazy\" srcset=\"http:\/\/vodostan.ba\/web\/wp-content\/uploads\/2017\/06\/3-150x150.jpg 150w, http:\/\/vodostan.ba\/web\/wp-content\/uploads\/2017\/06\/3-230x230.jpg 230w\" sizes=\"(max-width: 150px) 100vw, 150px\" data-attachment-id=\"205\" data-orig-file=\"http:\/\/vodostan.ba\/web\/wp-content\/uploads\/2017\/06\/3.jpg\" data-orig-size=\"480,360\" data-comments-opened=\"0\" data-image-meta=\"{&quot;aperture&quot;:&quot;0&quot;,&quot;credit&quot;:&quot;&quot;,&quot;camera&quot;:&quot;&quot;,&quot;caption&quot;:&quot;&quot;,&quot;created_timestamp&quot;:&quot;0&quot;,&quot;copyright&quot;:&quot;&quot;,&quot;focal_length&quot;:&quot;0&quot;,&quot;iso&quot;:&quot;0&quot;,&quot;shutter_speed&quot;:&quot;0&quot;,&quot;title&quot;:&quot;&quot;,&quot;orientation&quot;:&quot;0&quot;,&quot;keywords&quot;:&quot;Array&quot;}\" data-image-title=\"3\" data-image-description=\"\" data-medium-file=\"http:\/\/vodostan.ba\/web\/wp-content\/uploads\/2017\/06\/3-300x225.jpg\" data-large-file=\"http:\/\/vodostan.ba\/web\/wp-content\/uploads\/2017\/06\/3.jpg\" \/><\/a>\n\t\t\t<\/dt><\/dl><br style=\"clear: both\" \/><dl class='gallery-item'>\n\t\t\t<dt class='gallery-icon landscape'>\n\t\t\t\t<a href='http:\/\/vodostan.ba\/web\/zapoceta-rekonstrukcija-cjevovoda-u-ulici-hasima-spahica-u-ilijasu\/attachment\/2\/'><img width=\"150\" height=\"150\" src=\"http:\/\/vodostan.ba\/web\/wp-content\/uploads\/2017\/06\/2-150x150.jpg\" class=\"attachment-thumbnail size-thumbnail\" alt=\"\" decoding=\"async\" loading=\"lazy\" srcset=\"http:\/\/vodostan.ba\/web\/wp-content\/uploads\/2017\/06\/2-150x150.jpg 150w, http:\/\/vodostan.ba\/web\/wp-content\/uploads\/2017\/06\/2-230x230.jpg 230w\" sizes=\"(max-width: 150px) 100vw, 150px\" data-attachment-id=\"204\" data-orig-file=\"http:\/\/vodostan.ba\/web\/wp-content\/uploads\/2017\/06\/2.jpg\" data-orig-size=\"480,360\" data-comments-opened=\"0\" data-image-meta=\"{&quot;aperture&quot;:&quot;0&quot;,&quot;credit&quot;:&quot;&quot;,&quot;camera&quot;:&quot;&quot;,&quot;caption&quot;:&quot;&quot;,&quot;created_timestamp&quot;:&quot;0&quot;,&quot;copyright&quot;:&quot;&quot;,&quot;focal_length&quot;:&quot;0&quot;,&quot;iso&quot;:&quot;0&quot;,&quot;shutter_speed&quot;:&quot;0&quot;,&quot;title&quot;:&quot;&quot;,&quot;orientation&quot;:&quot;0&quot;,&quot;keywords&quot;:&quot;Array&quot;}\" data-image-title=\"2\" data-image-description=\"\" data-medium-file=\"http:\/\/vodostan.ba\/web\/wp-content\/uploads\/2017\/06\/2-300x225.jpg\" data-large-file=\"http:\/\/vodostan.ba\/web\/wp-content\/uploads\/2017\/06\/2.jpg\" \/><\/a>\n\t\t\t<\/dt><\/dl><dl class='gallery-item'>\n\t\t\t<dt class='gallery-icon portrait'>\n\t\t\t\t<a href='http:\/\/vodostan.ba\/web\/zapoceta-rekonstrukcija-cjevovoda-u-ulici-hasima-spahica-u-ilijasu\/attachment\/1\/'><img width=\"150\" height=\"150\" src=\"http:\/\/vodostan.ba\/web\/wp-content\/uploads\/2017\/06\/1-150x150.jpg\" class=\"attachment-thumbnail size-thumbnail\" alt=\"\" decoding=\"async\" loading=\"lazy\" srcset=\"http:\/\/vodostan.ba\/web\/wp-content\/uploads\/2017\/06\/1-150x150.jpg 150w, http:\/\/vodostan.ba\/web\/wp-content\/uploads\/2017\/06\/1-230x230.jpg 230w\" sizes=\"(max-width: 150px) 100vw, 150px\" data-attachment-id=\"203\" data-orig-file=\"http:\/\/vodostan.ba\/web\/wp-content\/uploads\/2017\/06\/1.jpg\" data-orig-size=\"360,480\" data-comments-opened=\"0\" data-image-meta=\"{&quot;aperture&quot;:&quot;0&quot;,&quot;credit&quot;:&quot;&quot;,&quot;camera&quot;:&quot;&quot;,&quot;caption&quot;:&quot;&quot;,&quot;created_timestamp&quot;:&quot;0&quot;,&quot;copyright&quot;:&quot;&quot;,&quot;focal_length&quot;:&quot;0&quot;,&quot;iso&quot;:&quot;0&quot;,&quot;shutter_speed&quot;:&quot;0&quot;,&quot;title&quot;:&quot;&quot;,&quot;orientation&quot;:&quot;0&quot;,&quot;keywords&quot;:&quot;Array&quot;}\" data-image-title=\"1\" data-image-description=\"\" data-medium-file=\"http:\/\/vodostan.ba\/web\/wp-content\/uploads\/2017\/06\/1-225x300.jpg\" data-large-file=\"http:\/\/vodostan.ba\/web\/wp-content\/uploads\/2017\/06\/1.jpg\" \/><\/a>\n\t\t\t<\/dt><\/dl><br style=\"clear: both\" \/>\n\t\t<\/div>\n\n<\/div>\n<\/div>\n<\/div>\n<\/div>\n<\/div>\n<\/div>\n","protected":false},"excerpt":{"rendered":"<p>Ju\u010der\u00a0je zapo\u010deta rekonstrukcija cjevovoda u ulici Ha\u0161ima Spahi\u0107a zbog dotrajalosti samih instalacija i \u010destih kvarova na toj dionici. Istom prilikom \u0107e se postoje\u0107e liveno \u017eeljezne cijevi pre\u010dnika 100 mm zamijeniti PEHD cijevima pre\u010dnika 160 mm \u0161to omogu\u0107ava pro\u0161irenje vodovodne mre\u017ee&hellip; <\/p>\n","protected":false},"author":1,"featured_media":205,"comment_status":"closed","ping_status":"closed","sticky":false,"template":"","format":"standard","meta":[],"categories":[3],"tags":[],"_links":{"self":[{"href":"http:\/\/vodostan.ba\/web\/wp-json\/wp\/v2\/posts\/202"}],"collection":[{"href":"http:\/\/vodostan.ba\/web\/wp-json\/wp\/v2\/posts"}],"about":[{"href":"http:\/\/vodostan.ba\/web\/wp-json\/wp\/v2\/types\/post"}],"author":[{"embeddable":true,"href":"http:\/\/vodostan.ba\/web\/wp-json\/wp\/v2\/users\/1"}],"replies":[{"embeddable":true,"href":"http:\/\/vodostan.ba\/web\/wp-json\/wp\/v2\/comments?post=202"}],"version-history":[{"count":2,"href":"http:\/\/vodostan.ba\/web\/wp-json\/wp\/v2\/posts\/202\/revisions"}],"predecessor-version":[{"id":208,"href":"http:\/\/vodostan.ba\/web\/wp-json\/wp\/v2\/posts\/202\/revisions\/208"}],"wp:featuredmedia":[{"embeddable":true,"href":"http:\/\/vodostan.ba\/web\/wp-json\/wp\/v2\/media\/205"}],"wp:attachment":[{"href":"http:\/\/vodostan.ba\/web\/wp-json\/wp\/v2\/media?parent=202"}],"wp:term":[{"taxonomy":"category","embeddable":true,"href":"http:\/\/vodostan.ba\/web\/wp-json\/wp\/v2\/categories?post=202"},{"taxonomy":"post_tag","embeddable":true,"href":"http:\/\/vodostan.ba\/web\/wp-json\/wp\/v2\/tags?post=202"}],"curies":[{"name":"wp","href":"https:\/\/api.w.org\/{rel}","templated":true}]}}