{"id":1845,"date":"2026-06-10T07:10:32","date_gmt":"2026-06-10T07:10:32","guid":{"rendered":"https:\/\/vodostan.ba\/web\/?p=1845"},"modified":"2026-06-10T07:10:47","modified_gmt":"2026-06-10T07:10:47","slug":"obavjestenje-za-gradane-danas-obustava-vodosnabdijevanja-u-dijelu-podlugova","status":"publish","type":"post","link":"http:\/\/vodostan.ba\/web\/obavjestenje-za-gradane-danas-obustava-vodosnabdijevanja-u-dijelu-podlugova\/","title":{"rendered":"Obavje\u0161tenje za gra\u0111ane: Danas obustava vodosnabdijevanja u dijelu Podlugova"},"content":{"rendered":"<p><img decoding=\"async\" loading=\"lazy\" class=\"alignnone size-large wp-image-541\" src=\"http:\/\/vodostan.ba\/web\/wp-content\/uploads\/2020\/03\/Obavjestenje-vodostan-ba-620x324.jpg\" alt=\"\" width=\"620\" height=\"324\" srcset=\"http:\/\/vodostan.ba\/web\/wp-content\/uploads\/2020\/03\/Obavjestenje-vodostan-ba-620x324.jpg 620w, http:\/\/vodostan.ba\/web\/wp-content\/uploads\/2020\/03\/Obavjestenje-vodostan-ba-300x157.jpg 300w, http:\/\/vodostan.ba\/web\/wp-content\/uploads\/2020\/03\/Obavjestenje-vodostan-ba-768x402.jpg 768w, http:\/\/vodostan.ba\/web\/wp-content\/uploads\/2020\/03\/Obavjestenje-vodostan-ba.jpg 1200w\" sizes=\"(max-width: 620px) 100vw, 620px\" \/><\/p>\n<p><strong>JKP Vodostan Ilija\u0161 obavje\u0161tava korisnike da \u0107e zbog spajanja novoizgra\u0111enog cjevovoda u Podlugovima, u Ulici \u017drtava genocida u Srebrenici, u srijedu, 10. juna 2026. godine, biti izvo\u0111eni radovi na pu\u0161tanju cjevovoda u funkciju.<\/strong><\/p>\n<p>Radovi \u0107e se izvoditi u periodu od 10:00 do 16:00 sati, a tokom tog vremena u Ulici \u017drtava genocida u Srebrenici do\u0107i \u0107e do potpune obustave vodosnabdijevanja.<\/p>\n<p>Zbog izvo\u0111enja radova o\u010dekuje se i smanjen pritisak vode u naseljima Lje\u0161evo, Kadari\u0107i i Ljubni\u0107i.<\/p>\n<p>Iz JKP Vodostan zahvaljuju korisnicima na strpljenju i razumijevanju tokom izvo\u0111enja radova, koji imaju za cilj unapre\u0111enje vodovodne infrastrukture i kvalitetnije vodosnabdijevanje stanovni\u0161tva.<\/p>\n","protected":false},"excerpt":{"rendered":"<p>JKP Vodostan Ilija\u0161 obavje\u0161tava korisnike da \u0107e zbog spajanja novoizgra\u0111enog cjevovoda u Podlugovima, u Ulici \u017drtava genocida u Srebrenici, u srijedu, 10. juna 2026. godine, biti izvo\u0111eni radovi na pu\u0161tanju cjevovoda u funkciju. Radovi \u0107e se izvoditi u periodu od&hellip; <\/p>\n","protected":false},"author":1,"featured_media":541,"comment_status":"closed","ping_status":"closed","sticky":false,"template":"","format":"standard","meta":[],"categories":[3],"tags":[],"_links":{"self":[{"href":"http:\/\/vodostan.ba\/web\/wp-json\/wp\/v2\/posts\/1845"}],"collection":[{"href":"http:\/\/vodostan.ba\/web\/wp-json\/wp\/v2\/posts"}],"about":[{"href":"http:\/\/vodostan.ba\/web\/wp-json\/wp\/v2\/types\/post"}],"author":[{"embeddable":true,"href":"http:\/\/vodostan.ba\/web\/wp-json\/wp\/v2\/users\/1"}],"replies":[{"embeddable":true,"href":"http:\/\/vodostan.ba\/web\/wp-json\/wp\/v2\/comments?post=1845"}],"version-history":[{"count":2,"href":"http:\/\/vodostan.ba\/web\/wp-json\/wp\/v2\/posts\/1845\/revisions"}],"predecessor-version":[{"id":1847,"href":"http:\/\/vodostan.ba\/web\/wp-json\/wp\/v2\/posts\/1845\/revisions\/1847"}],"wp:featuredmedia":[{"embeddable":true,"href":"http:\/\/vodostan.ba\/web\/wp-json\/wp\/v2\/media\/541"}],"wp:attachment":[{"href":"http:\/\/vodostan.ba\/web\/wp-json\/wp\/v2\/media?parent=1845"}],"wp:term":[{"taxonomy":"category","embeddable":true,"href":"http:\/\/vodostan.ba\/web\/wp-json\/wp\/v2\/categories?post=1845"},{"taxonomy":"post_tag","embeddable":true,"href":"http:\/\/vodostan.ba\/web\/wp-json\/wp\/v2\/tags?post=1845"}],"curies":[{"name":"wp","href":"https:\/\/api.w.org\/{rel}","templated":true}]}}