{"id":1455,"date":"2024-08-01T11:50:03","date_gmt":"2024-08-01T11:50:03","guid":{"rendered":"https:\/\/vodostan.ba\/web\/?p=1455"},"modified":"2024-08-01T11:50:03","modified_gmt":"2024-08-01T11:50:03","slug":"vazno-obavjestenje-iz-jkp-vodostan-vodu-koristite-racionalno","status":"publish","type":"post","link":"http:\/\/vodostan.ba\/web\/vazno-obavjestenje-iz-jkp-vodostan-vodu-koristite-racionalno\/","title":{"rendered":"Va\u017eno obavje\u0161tenje iz JKP \u201cVodostan\u201d: Vodu koristite racionalno"},"content":{"rendered":"<p>Po\u0161tovani\u00a0korisnici usluge vodosnabdijevanja,<\/p>\n<p>Visoke tempereture i dugi period bez padavina prouzrokovale su smanjenje dotoka vode na svim izvori\u0161tima u nadle\u017enosti Preduze\u0107a. S druge strane ve\u0107 danima registrujemo prekomjernu potro\u0161nju kod krajnjih korisnika. Primjera radi, na centralnom vodovodu za ljetni period\u00a0u prosjeku isporu\u010dujemo 60 l\/s vode \u0161to obezbije\u0111uje sve normalne potrebe za pitkom vodom stanovni\u0161tva i privrede. Kapacitet izvori\u0161ta je pao na 51 l\/s a potro\u0161nja se pove\u0107ala na 72 l\/s. Nivo vode u rezervoarima konstantno opada. Smatramo da je 20 l\/s neracionalna potro\u0161nja koja se koristi za punjenje bazena, zalijevanje travnjaka, povr\u0107a i sli\u0107nu nepotrebnu potro\u0161nju. Ako se ovaj trend potro\u0161nje nastavi rezultirati \u0107e obustavom u redovnom vodosnabdijevanju.<\/p>\n<p>Molimo i upu\u0107ujemo apel svim korisnicima da\u00a0prestanu sa kori\u0161tenjem vode u nenamjenske svrhe i da vodu koristi racionalno i isklju\u010divo za pi\u0107e i li\u010dnu higijenu, kako bi odr\u017eali redovno vodosnabdijevanje.<\/p>\n<p>Kontinuirano pratimo i mjerimo stanje na svim izvori\u0161tima i vodozahvatima i poduzimamo potrebne mjere da se sistem odr\u017ei u funkciji.<\/p>\n<p>U interesu svih,\u00a0molimo sve gra\u0111ane na suradnju, da ukoliko primjete neracionalnu potro\u0161nju vode istu prijave na slijede\u0107e brojeve telefona:<\/p>\n<p>033\/400-024 i 033\/400-228 do 16.00 sati,<\/p>\n<p>033\/400-034; 061\/169-919 i 062\/973-137 iza 16.00 sati.<\/p>\n<p>Neodgovornim pojedincima koji nenamjenski koriste komunalnu uslugu u vrijeme ote\u017eanog vodosnabdijevanja, prema \u010clan 69.stav (1) ta\u010dka g) Uredbe o op\u0161tim uslovima za snabdijevanje vodom za pi\u0107e, obradu i odvodnju otpadnih i atmosferskih voda.\u201dSlu\u017ebene novine KS br.22\/1\u201d,obustavit \u0107emo isporuku vode.<\/p>\n<p>Hvala na razumijevanju,<\/p>\n","protected":false},"excerpt":{"rendered":"<p>Po\u0161tovani\u00a0korisnici usluge vodosnabdijevanja, Visoke tempereture i dugi period bez padavina prouzrokovale su smanjenje dotoka vode na svim izvori\u0161tima u nadle\u017enosti Preduze\u0107a. S druge strane ve\u0107 danima registrujemo prekomjernu potro\u0161nju kod krajnjih korisnika. Primjera radi, na centralnom vodovodu za ljetni period\u00a0u&hellip; <\/p>\n","protected":false},"author":1,"featured_media":1456,"comment_status":"closed","ping_status":"closed","sticky":false,"template":"","format":"standard","meta":[],"categories":[3],"tags":[],"_links":{"self":[{"href":"http:\/\/vodostan.ba\/web\/wp-json\/wp\/v2\/posts\/1455"}],"collection":[{"href":"http:\/\/vodostan.ba\/web\/wp-json\/wp\/v2\/posts"}],"about":[{"href":"http:\/\/vodostan.ba\/web\/wp-json\/wp\/v2\/types\/post"}],"author":[{"embeddable":true,"href":"http:\/\/vodostan.ba\/web\/wp-json\/wp\/v2\/users\/1"}],"replies":[{"embeddable":true,"href":"http:\/\/vodostan.ba\/web\/wp-json\/wp\/v2\/comments?post=1455"}],"version-history":[{"count":1,"href":"http:\/\/vodostan.ba\/web\/wp-json\/wp\/v2\/posts\/1455\/revisions"}],"predecessor-version":[{"id":1457,"href":"http:\/\/vodostan.ba\/web\/wp-json\/wp\/v2\/posts\/1455\/revisions\/1457"}],"wp:featuredmedia":[{"embeddable":true,"href":"http:\/\/vodostan.ba\/web\/wp-json\/wp\/v2\/media\/1456"}],"wp:attachment":[{"href":"http:\/\/vodostan.ba\/web\/wp-json\/wp\/v2\/media?parent=1455"}],"wp:term":[{"taxonomy":"category","embeddable":true,"href":"http:\/\/vodostan.ba\/web\/wp-json\/wp\/v2\/categories?post=1455"},{"taxonomy":"post_tag","embeddable":true,"href":"http:\/\/vodostan.ba\/web\/wp-json\/wp\/v2\/tags?post=1455"}],"curies":[{"name":"wp","href":"https:\/\/api.w.org\/{rel}","templated":true}]}}