{"id":1265,"date":"2023-04-14T07:20:50","date_gmt":"2023-04-14T07:20:50","guid":{"rendered":"https:\/\/vodostan.ba\/web\/?p=1265"},"modified":"2023-04-14T07:20:50","modified_gmt":"2023-04-14T07:20:50","slug":"ekoloski-projekat-sta-nam-je-potrebno-za-zivot-realizira-se-u-vrticu-ilijas","status":"publish","type":"post","link":"http:\/\/vodostan.ba\/web\/ekoloski-projekat-sta-nam-je-potrebno-za-zivot-realizira-se-u-vrticu-ilijas\/","title":{"rendered":"Ekolo\u0161ki projekat: \u201c\u0160ta nam je potrebno za \u017eivot?\u201d realizira se u vrti\u0107u \u201cIlija\u0161\u201d"},"content":{"rendered":"<p><img decoding=\"async\" loading=\"lazy\" class=\"alignnone size-large wp-image-1266\" src=\"http:\/\/vodostan.ba\/web\/wp-content\/uploads\/2023\/04\/Vodostan-620x370.jpg\" alt=\"\" width=\"620\" height=\"370\" srcset=\"http:\/\/vodostan.ba\/web\/wp-content\/uploads\/2023\/04\/Vodostan-620x370.jpg 620w, http:\/\/vodostan.ba\/web\/wp-content\/uploads\/2023\/04\/Vodostan-300x179.jpg 300w, http:\/\/vodostan.ba\/web\/wp-content\/uploads\/2023\/04\/Vodostan-768x459.jpg 768w, http:\/\/vodostan.ba\/web\/wp-content\/uploads\/2023\/04\/Vodostan.jpg 1093w\" sizes=\"(max-width: 620px) 100vw, 620px\" \/><\/p>\n<p><em><strong>U vrti\u0107u \u201cIlija\u0161\u201d tokom mjeseca aprila je planirana realizacija ekolo\u0161kog projekta pod nazivom \u201c\u0160ta nam je potrebno za \u017eivot\u201d sa kojim odgajatelji \u017eele upoznati djecu sa \u010detiri elementa: zemljom, vodom, zrakom i suncem, koji \u010dine \u017eivot na planeti Zemlji i koji su nu\u017eno potrebni za rast i razvoj.<\/strong><\/em><\/p>\n<p>Tokom mjeseca aprila djeca \u0107e imati raznovrsne aktivnosti, kako bi pro\u0161irila svoja saznanja i aktivno istra\u017eili prirodu, prirodne pojave i uzro\u010dno posljedi\u010dne veze. Tokom protekle sedmice u kojoj su istra\u017eivali zemlju, \u0161ta je zemlja, koje koristi imamo od nje, roditelji su dali svoj nesebi\u010dan doprinos i upotpunili sadr\u017eaje, kako bi mali\u0161anima bili interesantni, a znanja za cijeli \u017eivot.<\/p>\n<p>Ove sedmice na red je do\u0161la voda gdje su posjetili Vodostan i otkriti kako se voda pro\u010di\u0161\u0107ava pomo\u0107u modernih filtera i kako dolazi do \u010desmi. Sanja Fejzi\u0107, odgovorna odgajateljica u JU \u201cDjeca Sarajeva\u201d Vrti\u0107 \u201cIlija\u0161\u201d istakla je da djecu od malih nogu treba u\u010diti ekolo\u0161koj svijesti.<\/p>\n<p><strong><em>\u201eMi smo danas posjetili Vodovod Ilija\u0161 iz razloga zato \u0161to u aprilu realizujemo projekat \u201c\u0160ta nam je potrebno za \u017eivot?\u201d\u00a0<\/em><\/strong><strong><em>gdje djecu \u017eelimo da upoznamo sa elementima koji \u010dine \u017eivot, a to su: zemlja,voda,zrak i sunce. U ovoj \u201evodenoj\u201csedmici sa djecom danas smo posjetili Vodovod na Kara\u0161nici i uz pomo\u0107 ljubazih na\u0161ih prijatelja iz Vodostana pokazali su nam odakle mi to pijemo vodu, te kako se voda filtrira. Ovom prilikom se zahvaljujem i direktorici Zuki\u0107 i svim uposlenicima \u0161to su nas ovako divno primili jer djeca u\u010de ako vide, osjete, dodirnu. Djeca su imala priliku da vide i nekoliko eksperimenata sa vodom mi u vrti\u0107u dosta smo ih pripremili i mi smo radili eksperimente i ovom prilikom zavaljuljem i roditeljima koji su se uklju\u010dili. U ovaj mjese\u010dni projekat su uklju\u010deni roditelji, dru\u0161tvena zajednica, ali i mi odgajatelji koji planiramo razne aktivnosti kako bi djeca \u0161to vi\u0161e imala ekolo\u0161ku svijest, jer se ona gradi od malih nogu\u201c<\/em><\/strong>\u00a0poru\u010dila je Fejzi\u0107.<\/p>\n<p>Djeca su danas posjetila JKP \u201eVodostan\u201c d.o.o gdje ih je do\u010dekala direktorica Belma Zuki\u0107 sa svojim zaposlenicima.<\/p>\n<p><strong>\u201eDanas su nam do\u0161la djeca iz vrti\u0107a u posjetu. Mi smo ih doveli na na\u0161u filter stanicu, dakle na na\u0161u fabriku vode gdje smo im pokazali na koji na\u010din voda od izvori\u0161ta do krajnjeg korisnika sti\u017ee. Objasnili smo im kako se to voda zahvati iz rijeke Miso\u010de, a onda potom koje ona procese pro\u0111e i da bi ona do\u0161la u njihovu \u010desmu ispravna,zdrava i \u010dista. Probali smo se prilagoditi njihovom uzrastu, s obzirom na to da smo do sada primili veliki broj grupa i uglavom su to bili srednjo\u0161kolci, prvi put imamo vrti\u0107. Vrti\u0107 je danas sa nama zato \u0161to obilje\u017eavaju zna\u010daj vode u ovoj sedmici i onda su napravili jedan prigodan obilazak. Na\u0161i zaposlenici su se potrudili da im objasne kojim to ona putem ide, na koji na\u010din se kontroli\u0161e i izveli smo male oglede prilago\u0111ene za njihov uzrast i drago mi je da su djeca imala priliku da od najranijeg doba u\u010de o zna\u010daju vode i njenim svojstvima za\u0161to je ona bitna, kako je \u0161titimo i da djeca ve\u0107 od malih nogu sti\u010du te zdrave i korisne navike\u201c\u00a0<\/strong>kazala je Zuki\u0107.<\/p>\n<p>U sedmici u kojoj \u0107e istra\u017eivati zrak, planirali su obi\u0107i obli\u017enja izleti\u0161ta, Ilija\u0161 zaista ima predivne okolne planine i \u0161ume koje \u0161tite gradski zrak od zaga\u0111enja i pru\u017eaju sigurno uto\u010di\u0161te planinarima, \u017eivotinjama i biljkama.<\/p>\n<p>Sun\u010danu energiju su ostavili za zadnju sedmicu u kojoj \u0107e \u0161to vi\u0161e da borave na otvorenom, te \u0107e ugostiti roditelje \u010dija su zanimanja vezana za energiju sunca.<br \/>\nPlanirali su pro\u0161etati kroz grad sa mali\u0161anima svih pet odgojnih grupa i njihovim roditeljima. Djeca \u0107e biti obu\u010dena u \u017eute majice kako bi istakli zna\u010daj Sunca, ali i \u010diste prirode.<\/p>\n<p>Putem ovog projekta potaknut \u0107e djecu da u\u010de va\u017enost \u010distog i zdravog okoli\u0161a, te kako ga o\u010duvati, jer znanja ste\u010dena u pred\u0161kolskom dobu su trajna.<\/p>\n<p>Nakon obilaska, djeci su uru\u010deni prigodni pokloni, a oni su njima za divnu posjetu koju su imali otpjevali pjesmicu \u201c\u017divimo zdravo\u201d.<\/p>\n<p>Radio Ilija\u0161<\/p>\n","protected":false},"excerpt":{"rendered":"<p>U vrti\u0107u \u201cIlija\u0161\u201d tokom mjeseca aprila je planirana realizacija ekolo\u0161kog projekta pod nazivom \u201c\u0160ta nam je potrebno za \u017eivot\u201d sa kojim odgajatelji \u017eele upoznati djecu sa \u010detiri elementa: zemljom, vodom, zrakom i suncem, koji \u010dine \u017eivot na planeti Zemlji i&hellip; <\/p>\n","protected":false},"author":1,"featured_media":1266,"comment_status":"closed","ping_status":"closed","sticky":false,"template":"","format":"standard","meta":[],"categories":[3],"tags":[],"_links":{"self":[{"href":"http:\/\/vodostan.ba\/web\/wp-json\/wp\/v2\/posts\/1265"}],"collection":[{"href":"http:\/\/vodostan.ba\/web\/wp-json\/wp\/v2\/posts"}],"about":[{"href":"http:\/\/vodostan.ba\/web\/wp-json\/wp\/v2\/types\/post"}],"author":[{"embeddable":true,"href":"http:\/\/vodostan.ba\/web\/wp-json\/wp\/v2\/users\/1"}],"replies":[{"embeddable":true,"href":"http:\/\/vodostan.ba\/web\/wp-json\/wp\/v2\/comments?post=1265"}],"version-history":[{"count":1,"href":"http:\/\/vodostan.ba\/web\/wp-json\/wp\/v2\/posts\/1265\/revisions"}],"predecessor-version":[{"id":1267,"href":"http:\/\/vodostan.ba\/web\/wp-json\/wp\/v2\/posts\/1265\/revisions\/1267"}],"wp:featuredmedia":[{"embeddable":true,"href":"http:\/\/vodostan.ba\/web\/wp-json\/wp\/v2\/media\/1266"}],"wp:attachment":[{"href":"http:\/\/vodostan.ba\/web\/wp-json\/wp\/v2\/media?parent=1265"}],"wp:term":[{"taxonomy":"category","embeddable":true,"href":"http:\/\/vodostan.ba\/web\/wp-json\/wp\/v2\/categories?post=1265"},{"taxonomy":"post_tag","embeddable":true,"href":"http:\/\/vodostan.ba\/web\/wp-json\/wp\/v2\/tags?post=1265"}],"curies":[{"name":"wp","href":"https:\/\/api.w.org\/{rel}","templated":true}]}}